{"id":2680,"date":"2016-01-20T23:33:16","date_gmt":"2016-01-20T22:33:16","guid":{"rendered":"http:\/\/amaplabergerie.org\/?p=2680"},"modified":"2019-05-09T16:58:37","modified_gmt":"2019-05-09T14:58:37","slug":"petit-message-de-vos-producteurs-de-legumes","status":"publish","type":"post","link":"https:\/\/amaplabergerie.org\/?p=2680","title":{"rendered":"Petit message de vos producteurs de l\u00e9gumes&#8230;"},"content":{"rendered":"<p><span style=\"color: #000000; font-family: Calibri;\">Ch\u00e8res amapiennes chers amapiens\u2026<\/span><\/p>\n<p><span style=\"color: #000000; font-family: Calibri;\">Comme Notre ch\u00e8re pr\u00e9sidente vous l\u2019annon\u00e7ait dans son r\u00e9cent message de nouvelles perspectives s\u2019ouvrent pour l\u2019amap en 2016\u00a0; vos producteurs ont \u00a0pris la d\u00e9cision d\u2019arr\u00eater la production des l\u00e9gumes pour le groupe de Lauzerville .<\/span><\/p>\n<p><span style=\"color: #000000; font-family: Calibri;\">C\u2019est un choix \u00e0 la fois \u00a0lib\u00e9rateur et douloureux\u2026<\/span><\/p>\n<p><span style=\"color: #000000; font-family: Calibri;\">Lib\u00e9rateur car cette d\u00e9cision \u00a0va dans le sens de notre recherche toujours vive de trouver les moyens de concilier notre rude et beau m\u00e9tier de paysan avec une vie qui compterait un peu plus de repos et de temps libre\u2026<\/span><\/p>\n<p><span style=\"color: #000000; font-family: Calibri;\">Dans cette recherche, le maraichage n\u2019est malheureusement pas notre alli\u00e9\u00a0! En 2016 nous comptons r\u00e9duire encore la surface cultiv\u00e9e en l\u00e9gumes afin de lib\u00e9rer Patrice du jardin pour qu\u2019il puisse se consacrer pleinement \u00e0 la production des c\u00e9r\u00e9ales et \u00e0 leur transformation.<\/span><\/p>\n<p><span style=\"color: #000000; font-family: Calibri;\">Je continue pour ma part \u00e0 m\u2019occuper de faire pousser des l\u00e9gumes mais la\u00a0 petite production que je compte obtenir ne suffira pas \u00e0 combler Amap et march\u00e9\u2026.il a donc fallu trancher\u00a0!<\/span><\/p>\n<p><span style=\"color: #000000; font-family: Calibri;\">C\u2019est \u00e7a qui fait un peu mal\u00a0! Quitter une super Amap c\u2019est pas facile\u20267 saisons d\u00e9j\u00e0 se sont \u00e9coul\u00e9s depuis que nous avons commenc\u00e9 avec vous. Aujourd\u2019hui, notre installation est p\u00e9renne et vous y \u00a0\u00eates pour beaucoup. Vous nous avez fait confiance et accompagn\u00e9 dans nos (r)\u00e9volutions agronomiques et culturales, dans nos diversifications en nous donnant la chance de nous faire la main au fournil\u2026Aujourd\u2019hui cette activit\u00e9 est une autre corde \u00e0 notre arc et celle qui va nous aider \u00e0 vivre mieux de notre m\u00e9tier\u2026<\/span><\/p>\n<p><span style=\"color: #000000; font-family: Calibri;\">Nous conservons notre place au march\u00e9 de Revel et notre ancrage tr\u00e8s local avec notre petite AMAP de la ferme.<\/span><\/p>\n<p><span style=\"color: #000000; font-family: Calibri;\">Nous esp\u00e9rons de tout c\u0153ur que parmi vous certains seront pr\u00eat \u00e0 reprendre le flambeau et \u00e0 s\u2019investir dans l\u2019Amap. Ce serait trop dommage que cette exp\u00e9rience\u00a0 s\u2019arr\u00eate, notre monde \u00e0 besoin de ces alternatives\u00a0! Cette relation a \u00e9t\u00e9 tr\u00e8s pr\u00e9cieuse pour nous j\u2019esp\u00e8re qu\u2019elle pourra profiter \u00e0 d\u2019autres paysans qui ont besoin que les Amap continuent d\u2019exister. Cependant il est \u00e9vident qu\u2019au-del\u00e0 de toutes les qualit\u00e9s humaines des gens qui la composent une Amap est une bonne Amap quand des amapiens la font vivre en s\u2019impliquant \u00e0 tour de r\u00f4le dans le comit\u00e9 de pilotage\u2026<\/span><\/p>\n<p><span style=\"color: #000000; font-family: Calibri;\">Enfin\u00a0 sachez qu\u2019on ne vous abandonne pas comme \u00e7a\u00a0! notre ami de longue date Ludo qui m\u2019avait remplac\u00e9 lors de mon second cong\u00e9 maternit\u00e9 s\u2019est install\u00e9 pr\u00e8s de Castelnaudary\u2026il est \u00e0 la recherche d\u2019une Amap\u2026nous ne pouvons que vous le recommander\u00a0! n\u2019h\u00e9sitez pas \u00e0 nous demander son contact si vous vous mettez en qu\u00eate d\u2019un nouveau producteur.<\/span><\/p>\n<p><span style=\"color: #000000; font-family: Calibri;\">Un grand Merci \u00e0 tous pour votre soutien, votre attention et votre gentillesse et un tout particuli\u00e8rement grand merci \u00e0 nos comit\u00e9s de pilotage pass\u00e9s et pr\u00e9sent sans lesquels toute cette belle aventure n\u2019aurait pas \u00e9t\u00e9 possible\u2026<\/span><\/p>\n<p><span style=\"color: #000000; font-family: Calibri;\">Vous allez nous manquer!<\/span><\/p>\n<p><span style=\"color: #000000; font-family: Calibri;\">A demain\u00a0! Marion et Patrice<\/span><\/p>\n<p><span style=\"color: #000000; font-family: Calibri;\">P.S. : Si certains d\u2019entre vous sont libres et motiv\u00e9s\u00a0: Lundi nous commen\u00e7ons notre grande mission de plantation de haies tous les bras sont les bienvenus\u2026et si certains bras \u00e9taient motiv\u00e9s mais pas libres lundi on pourrait aussi commencer dimanche\u2026n\u2019h\u00e9sitez pas \u00e0 nous contacter par mail sur fermedelacoste(arobase)gmail.com<\/span><\/p>\n<p><span style=\"color: #000000; font-family: Calibri;\">P.S. : nous ne sommes pas s\u00fbrs d\u2019avoir assez de l\u00e9gumes pour tenir jusqu\u2019au 11 f\u00e9vrier date pr\u00e9vue de fin de contrat\u2026nous vous tiendrons au courant d\u00e8s que possible.<br \/>\n<\/span><\/p>\n","protected":false},"excerpt":{"rendered":"<p>Ch\u00e8res amapiennes chers amapiens\u2026 Comme Notre ch\u00e8re pr\u00e9sidente vous l\u2019annon\u00e7ait dans son r\u00e9cent message de nouvelles perspectives s\u2019ouvrent pour l\u2019amap en 2016\u00a0; vos producteurs ont \u00a0pris la d\u00e9cision d\u2019arr\u00eater la production des l\u00e9gumes pour le groupe de Lauzerville . C\u2019est &hellip; <a href=\"https:\/\/amaplabergerie.org\/?p=2680\">Continuer la lecture <span class=\"meta-nav\">&rarr;<\/span><\/a><\/p>\n","protected":false},"author":10,"featured_media":0,"comment_status":"open","ping_status":"closed","sticky":false,"template":"","format":"standard","meta":{"_bbp_topic_count":0,"_bbp_reply_count":0,"_bbp_total_topic_count":0,"_bbp_total_reply_count":0,"_bbp_voice_count":0,"_bbp_anonymous_reply_count":0,"_bbp_topic_count_hidden":0,"_bbp_reply_count_hidden":0,"_bbp_forum_subforum_count":0},"categories":[70],"tags":[],"_links":{"self":[{"href":"https:\/\/amaplabergerie.org\/index.php?rest_route=\/wp\/v2\/posts\/2680"}],"collection":[{"href":"https:\/\/amaplabergerie.org\/index.php?rest_route=\/wp\/v2\/posts"}],"about":[{"href":"https:\/\/amaplabergerie.org\/index.php?rest_route=\/wp\/v2\/types\/post"}],"author":[{"embeddable":true,"href":"https:\/\/amaplabergerie.org\/index.php?rest_route=\/wp\/v2\/users\/10"}],"replies":[{"embeddable":true,"href":"https:\/\/amaplabergerie.org\/index.php?rest_route=%2Fwp%2Fv2%2Fcomments&post=2680"}],"version-history":[{"count":4,"href":"https:\/\/amaplabergerie.org\/index.php?rest_route=\/wp\/v2\/posts\/2680\/revisions"}],"predecessor-version":[{"id":3928,"href":"https:\/\/amaplabergerie.org\/index.php?rest_route=\/wp\/v2\/posts\/2680\/revisions\/3928"}],"wp:attachment":[{"href":"https:\/\/amaplabergerie.org\/index.php?rest_route=%2Fwp%2Fv2%2Fmedia&parent=2680"}],"wp:term":[{"taxonomy":"category","embeddable":true,"href":"https:\/\/amaplabergerie.org\/index.php?rest_route=%2Fwp%2Fv2%2Fcategories&post=2680"},{"taxonomy":"post_tag","embeddable":true,"href":"https:\/\/amaplabergerie.org\/index.php?rest_route=%2Fwp%2Fv2%2Ftags&post=2680"}],"curies":[{"name":"wp","href":"https:\/\/api.w.org\/{rel}","templated":true}]}}