{"id":4027,"date":"2019-05-09T20:37:58","date_gmt":"2019-05-09T18:37:58","guid":{"rendered":"http:\/\/amaplabergerie.org\/?p=4027"},"modified":"2019-05-09T20:37:58","modified_gmt":"2019-05-09T18:37:58","slug":"visite-a-la-ferme-mercredi-8-mai-2","status":"publish","type":"post","link":"https:\/\/amaplabergerie.org\/?p=4027","title":{"rendered":"Visite \u00e0 la ferme mercredi 8 mai."},"content":{"rendered":"<p>Hier mercredi, a eu lieu la traditionnelle visite \u00e0 la ferme.<\/p>\n<p>Jean-Nicolas nous a accueillis sur son exploitation. Nous avons visit\u00e9 les champs avec rhubarbe, fraises et framboises, mais aussi les f\u00e8ves et les radis.<\/p>\n<p>Nous avons aussi visit\u00e9 la petite serre et les 2 grandes serres d\u00e9j\u00e0 bien garnies, et les cultures de plein champ surplomb\u00e9es d&rsquo;arbres fruitiers. Jean-Nicolas nous a expliqu\u00e9 ses choix, ses contraintes, sa mani\u00e8re de travailler le sol et les l\u00e9gumes. Nous avons aussi vu les d\u00e9g\u00e2ts caus\u00e9s par la gr\u00eale suivi du gel, et Jean-Nicolas nous a expliqu\u00e9 qu&rsquo;il recommandait des plans pour remplacer les plans actuels, trop abim\u00e9s.<\/p>\n<p>Nous avons vu une de ses ruches occup\u00e9e par un essaim sauvage, et Jean-Nicolas nous a aussi expliqu\u00e9 la vie de la ruche et des abeilles.<\/p>\n<p>La visite s&rsquo;est poursuivie par un pique nique partag\u00e9 sous le soleil pendant que les enfants construisaient des cabanes. Pour finir, Jean-Nicolas a sign\u00e9 les contrats des amapiens, que vous pourrez r\u00e9cup\u00e9rer d\u00e8s ce mercredi (si vous en avez fourni un double).<a href=\"http:\/\/amaplabergerie.org\/wp-content\/uploads\/2019\/05\/visite-\u00e0-la-ferme-8-mai.jpg\"><img decoding=\"async\" loading=\"lazy\" class=\"alignnone size-medium wp-image-4001\" alt=\"visite \u00e0 la ferme 8 mai\" src=\"http:\/\/amaplabergerie.org\/wp-content\/uploads\/2019\/05\/visite-\u00e0-la-ferme-8-mai-300x225.jpg\" width=\"300\" height=\"225\" srcset=\"https:\/\/amaplabergerie.org\/wp-content\/uploads\/2019\/05\/visite-\u00e0-la-ferme-8-mai-300x225.jpg 300w, https:\/\/amaplabergerie.org\/wp-content\/uploads\/2019\/05\/visite-\u00e0-la-ferme-8-mai-600x450.jpg 600w, https:\/\/amaplabergerie.org\/wp-content\/uploads\/2019\/05\/visite-\u00e0-la-ferme-8-mai.jpg 640w\" sizes=\"(max-width: 300px) 100vw, 300px\" \/><\/a><\/p>\n<p>C&rsquo;\u00e9tait un moment tr\u00e8s convivial !<\/p>\n<p>Nad\u00e8ge<\/p>\n","protected":false},"excerpt":{"rendered":"<p>Hier mercredi, a eu lieu la traditionnelle visite \u00e0 la ferme. Jean-Nicolas nous a accueillis sur son exploitation. Nous avons visit\u00e9 les champs avec rhubarbe, fraises et framboises, mais aussi les f\u00e8ves et les radis. Nous avons aussi visit\u00e9 la &hellip; <a href=\"https:\/\/amaplabergerie.org\/?p=4027\">Continuer la lecture <span class=\"meta-nav\">&rarr;<\/span><\/a><\/p>\n","protected":false},"author":2,"featured_media":0,"comment_status":"open","ping_status":"closed","sticky":false,"template":"","format":"standard","meta":{"_bbp_topic_count":0,"_bbp_reply_count":0,"_bbp_total_topic_count":0,"_bbp_total_reply_count":0,"_bbp_voice_count":0,"_bbp_anonymous_reply_count":0,"_bbp_topic_count_hidden":0,"_bbp_reply_count_hidden":0,"_bbp_forum_subforum_count":0},"categories":[70],"tags":[],"_links":{"self":[{"href":"https:\/\/amaplabergerie.org\/index.php?rest_route=\/wp\/v2\/posts\/4027"}],"collection":[{"href":"https:\/\/amaplabergerie.org\/index.php?rest_route=\/wp\/v2\/posts"}],"about":[{"href":"https:\/\/amaplabergerie.org\/index.php?rest_route=\/wp\/v2\/types\/post"}],"author":[{"embeddable":true,"href":"https:\/\/amaplabergerie.org\/index.php?rest_route=\/wp\/v2\/users\/2"}],"replies":[{"embeddable":true,"href":"https:\/\/amaplabergerie.org\/index.php?rest_route=%2Fwp%2Fv2%2Fcomments&post=4027"}],"version-history":[{"count":2,"href":"https:\/\/amaplabergerie.org\/index.php?rest_route=\/wp\/v2\/posts\/4027\/revisions"}],"predecessor-version":[{"id":4030,"href":"https:\/\/amaplabergerie.org\/index.php?rest_route=\/wp\/v2\/posts\/4027\/revisions\/4030"}],"wp:attachment":[{"href":"https:\/\/amaplabergerie.org\/index.php?rest_route=%2Fwp%2Fv2%2Fmedia&parent=4027"}],"wp:term":[{"taxonomy":"category","embeddable":true,"href":"https:\/\/amaplabergerie.org\/index.php?rest_route=%2Fwp%2Fv2%2Fcategories&post=4027"},{"taxonomy":"post_tag","embeddable":true,"href":"https:\/\/amaplabergerie.org\/index.php?rest_route=%2Fwp%2Fv2%2Ftags&post=4027"}],"curies":[{"name":"wp","href":"https:\/\/api.w.org\/{rel}","templated":true}]}}